{"id":1983,"date":"2021-07-20T17:16:18","date_gmt":"2021-07-20T20:16:18","guid":{"rendered":"https:\/\/moreiraalvesexavier.com.br\/?p=1983"},"modified":"2021-07-21T20:22:10","modified_gmt":"2021-07-21T23:22:10","slug":"servidores-da-ufrj-tem-direito-a-reajuste-de-2886-no-salario-durante-o-periodo-compreendido-entre-janeiro-1993-e-junho-1998","status":"publish","type":"post","link":"https:\/\/moreiraalvesexavier.com.br\/?p=1983","title":{"rendered":"SERVIDORES DA UFRJ T\u00caM DIREITO A REAJUSTE DE 28,86% NO SAL\u00c1RIO DURANTE O PER\u00cdODO COMPREENDIDO ENTRE JANEIRO\/1993 E JUNHO\/1998"},"content":{"rendered":"<h6><\/h6>\n<h6 style=\"text-align: justify\">Com base em uma a\u00e7\u00e3o judicial coletiva que tramitou por muitos anos, proposta pelo sindicato da categoria, servidores p\u00fablicos da UFRJ ter\u00e3o direito a consider\u00e1vel reajuste em seus proventos durante o per\u00edodo compreendido entre janeiro de 1993 e junho de 1998.<\/h6>\n<h6><\/h6>\n<h6 style=\"text-align: justify\">Tire todas as suas d\u00favidas sobre o tema pelos t\u00f3picos abaixo.<\/h6>\n<p>&nbsp;<\/p>\n<h6 style=\"text-align: justify\"><\/h6>\n<h6><\/h6>\n<h6 style=\"text-align: justify\"><strong>Por que haver\u00e1 esse reajuste?<\/strong><\/h6>\n<h6><\/h6>\n<h6 style=\"text-align: justify\">Inicialmente, o reajuste salarial no patamar de 28,86% foi concedido apenas aos militares. Servidores p\u00fablicos federais civis, ent\u00e3o, reivindicaram equipara\u00e7\u00e3o do mencionado reajuste por meio de a\u00e7\u00e3o coletiva, obtendo \u00eaxito no pleito. O tema foi definitivamente pacificado pelo STF com a edi\u00e7\u00e3o da S\u00famula Vinculante n\u00ba 51.<\/h6>\n<h6 style=\"text-align: justify\"><strong>\u00a0<\/strong><\/h6>\n<h6><\/h6>\n<h6 style=\"text-align: justify\"><strong>Quem tem direito?<\/strong><\/h6>\n<h6><\/h6>\n<h6 style=\"text-align: justify\">Servidores p\u00fablicos da UFRJ que j\u00e1 faziam parte dos quadros da universidade entre janeiro\/1993 e junho\/1998 (per\u00edodo do reajuste salarial), n\u00e3o fizeram acordo e constem na lista de benefici\u00e1rios da a\u00e7\u00e3o coletiva.<\/h6>\n<h6><\/h6>\n<p>&nbsp;<\/p>\n<h6 style=\"text-align: justify\"><\/h6>\n<h6 style=\"text-align: justify\"><strong>Como proceder para receber?<\/strong><\/h6>\n<h6><\/h6>\n<h6 style=\"text-align: justify\">Para reivindicar o referido reajuste, cada interessado dever\u00e1 propor a\u00e7\u00e3o judicial de forma individual (ou em pequenos grupos), baseando-se na a\u00e7\u00e3o coletiva anterior.<\/h6>\n<h6><\/h6>\n<h6 style=\"text-align: justify\">Trata-se de uma a\u00e7\u00e3o de execu\u00e7\u00e3o que, via de regra, \u00e9 mais c\u00e9lere e objetiva, j\u00e1 que com o direito reconhecido na a\u00e7\u00e3o anterior, a discuss\u00e3o se restringe basicamente aos c\u00e1lculos do reajuste.<\/h6>\n<p>&nbsp;<\/p>\n<h6><\/h6>\n<h6 style=\"text-align: justify\"><\/h6>\n<h6 style=\"text-align: justify\">A MOREIRA ALVES &amp; XAVIER est\u00e1 defendendo os interesses dos benefici\u00e1rios mediante ajuizamento de a\u00e7\u00f5es de execu\u00e7\u00e3o individuais.<\/h6>\n<h6><\/h6>\n<h6 style=\"text-align: justify\">Maiores informa\u00e7\u00f5es podem ser obtidas pelos contatos abaixo.<\/h6>\n","protected":false},"excerpt":{"rendered":"<p>Com base em uma a\u00e7\u00e3o judicial coletiva que tramitou por muitos anos, proposta pelo sindicato da categoria, servidores p\u00fablicos da UFRJ ter\u00e3o direito a consider\u00e1vel reajuste em seus proventos durante o per\u00edodo compreendido entre janeiro de 1993 e junho de 1998. Tire todas as suas d\u00favidas sobre o tema pelos t\u00f3picos abaixo. &nbsp; Por que &hellip;<\/p>\n<p class=\"read-more\"> <a class=\"\" href=\"https:\/\/moreiraalvesexavier.com.br\/?p=1983\"> <span class=\"screen-reader-text\">SERVIDORES DA UFRJ T\u00caM DIREITO A REAJUSTE DE 28,86% NO SAL\u00c1RIO DURANTE O PER\u00cdODO COMPREENDIDO ENTRE JANEIRO\/1993 E JUNHO\/1998<\/span> Leia mais &raquo;<\/a><\/p>\n","protected":false},"author":2,"featured_media":1988,"comment_status":"closed","ping_status":"open","sticky":false,"template":"","format":"standard","meta":[],"categories":[1],"tags":[25,24,23],"uagb_featured_image_src":{"full":["https:\/\/moreiraalvesexavier.com.br\/wp-content\/uploads\/2021\/07\/Reajuste-UFRJ.png",741,412,false],"thumbnail":["https:\/\/moreiraalvesexavier.com.br\/wp-content\/uploads\/2021\/07\/Reajuste-UFRJ-150x150.png",150,150,true],"medium":["https:\/\/moreiraalvesexavier.com.br\/wp-content\/uploads\/2021\/07\/Reajuste-UFRJ-300x167.png",300,167,true],"medium_large":["https:\/\/moreiraalvesexavier.com.br\/wp-content\/uploads\/2021\/07\/Reajuste-UFRJ.png",741,412,false],"large":["https:\/\/moreiraalvesexavier.com.br\/wp-content\/uploads\/2021\/07\/Reajuste-UFRJ.png",741,412,false],"1536x1536":["https:\/\/moreiraalvesexavier.com.br\/wp-content\/uploads\/2021\/07\/Reajuste-UFRJ.png",741,412,false],"2048x2048":["https:\/\/moreiraalvesexavier.com.br\/wp-content\/uploads\/2021\/07\/Reajuste-UFRJ.png",741,412,false]},"uagb_author_info":{"display_name":"Danilo Xavier","author_link":"https:\/\/moreiraalvesexavier.com.br\/?author=2"},"uagb_comment_info":0,"uagb_excerpt":"Com base em uma a\u00e7\u00e3o judicial coletiva que tramitou por muitos anos, proposta pelo sindicato da categoria, servidores p\u00fablicos da UFRJ ter\u00e3o direito a consider\u00e1vel reajuste em seus proventos durante o per\u00edodo compreendido entre janeiro de 1993 e junho de 1998. Tire todas as suas d\u00favidas sobre o tema pelos t\u00f3picos abaixo. &nbsp; Por que&hellip;","_links":{"self":[{"href":"https:\/\/moreiraalvesexavier.com.br\/index.php?rest_route=\/wp\/v2\/posts\/1983"}],"collection":[{"href":"https:\/\/moreiraalvesexavier.com.br\/index.php?rest_route=\/wp\/v2\/posts"}],"about":[{"href":"https:\/\/moreiraalvesexavier.com.br\/index.php?rest_route=\/wp\/v2\/types\/post"}],"author":[{"embeddable":true,"href":"https:\/\/moreiraalvesexavier.com.br\/index.php?rest_route=\/wp\/v2\/users\/2"}],"replies":[{"embeddable":true,"href":"https:\/\/moreiraalvesexavier.com.br\/index.php?rest_route=%2Fwp%2Fv2%2Fcomments&post=1983"}],"version-history":[{"count":5,"href":"https:\/\/moreiraalvesexavier.com.br\/index.php?rest_route=\/wp\/v2\/posts\/1983\/revisions"}],"predecessor-version":[{"id":1989,"href":"https:\/\/moreiraalvesexavier.com.br\/index.php?rest_route=\/wp\/v2\/posts\/1983\/revisions\/1989"}],"wp:featuredmedia":[{"embeddable":true,"href":"https:\/\/moreiraalvesexavier.com.br\/index.php?rest_route=\/wp\/v2\/media\/1988"}],"wp:attachment":[{"href":"https:\/\/moreiraalvesexavier.com.br\/index.php?rest_route=%2Fwp%2Fv2%2Fmedia&parent=1983"}],"wp:term":[{"taxonomy":"category","embeddable":true,"href":"https:\/\/moreiraalvesexavier.com.br\/index.php?rest_route=%2Fwp%2Fv2%2Fcategories&post=1983"},{"taxonomy":"post_tag","embeddable":true,"href":"https:\/\/moreiraalvesexavier.com.br\/index.php?rest_route=%2Fwp%2Fv2%2Ftags&post=1983"}],"curies":[{"name":"wp","href":"https:\/\/api.w.org\/{rel}","templated":true}]}}