{"id":2197,"date":"2024-10-15T12:38:48","date_gmt":"2024-10-15T15:38:48","guid":{"rendered":"https:\/\/moreiraalvesexavier.com.br\/?p=2197"},"modified":"2024-10-15T12:38:49","modified_gmt":"2024-10-15T15:38:49","slug":"itbi-e-a-base-de-calculo-em-leilao-de-imoveis","status":"publish","type":"post","link":"https:\/\/moreiraalvesexavier.com.br\/?p=2197","title":{"rendered":"ITBI E A BASE DE C\u00c1LCULO EM LEIL\u00c3O DE IM\u00d3VEIS"},"content":{"rendered":"\n<p><\/p>\n\n\n\n<p>Por meio do Tema n\u00b0 1.113, o STJ j\u00e1 havia firmado entendimento de que a base de c\u00e1lculo do ITBI \u00e9 o valor do im\u00f3vel transmitido em condi\u00e7\u00f5es normais de mercado, n\u00e3o estando vinculada \u00e0 base de c\u00e1lculo do IPTU.<\/p>\n\n\n\n<p>Esse entendimento visa evitar que, em alguns casos, o imposto seja calculado sobre um valor superior ao pago pelo adquirente, garantindo que o montante do ITBI reflita o valor real da opera\u00e7\u00e3o de compra.<\/p>\n\n\n\n<p>Geralmente, \u00e9 o que ocorre em casos de im\u00f3veis arrematados em leil\u00e3o, que t\u00eam valores fixados abaixo do mercado.<\/p>\n\n\n\n<p>Assim, o referido Tema n\u00ba 1.113, do STJ, tamb\u00e9m se aplica a im\u00f3veis arrematados em leil\u00e3o, pois, seguindo o mesmo princ\u00edpio, o ITBI deve incidir sobre o valor de arremata\u00e7\u00e3o, evitando que o arrematante sofra preju\u00edzos nesse aspecto.<\/p>\n\n\n\n<p>Portanto, quem adquiriu im\u00f3vel em leil\u00e3o e n\u00e3o pagou o ITBI sobre o valor efetivamente arrematado poder\u00e1 buscar na Justi\u00e7a o ressarcimento dos valores excedentes.<\/p>\n\n\n\n<p><\/p>\n","protected":false},"excerpt":{"rendered":"<p>Por meio do Tema n\u00b0 1.113, o STJ j\u00e1 havia firmado entendimento de que a base de c\u00e1lculo do ITBI \u00e9 o valor do im\u00f3vel transmitido em condi\u00e7\u00f5es normais de mercado, n\u00e3o estando vinculada \u00e0 base de c\u00e1lculo do IPTU. Esse entendimento visa evitar que, em alguns casos, o imposto seja calculado sobre um valor &hellip;<\/p>\n<p class=\"read-more\"> <a class=\"\" href=\"https:\/\/moreiraalvesexavier.com.br\/?p=2197\"> <span class=\"screen-reader-text\">ITBI E A BASE DE C\u00c1LCULO EM LEIL\u00c3O DE IM\u00d3VEIS<\/span> Leia mais &raquo;<\/a><\/p>\n","protected":false},"author":2,"featured_media":2198,"comment_status":"closed","ping_status":"open","sticky":false,"template":"","format":"standard","meta":[],"categories":[1],"tags":[76,77,28,75],"uagb_featured_image_src":{"full":["https:\/\/moreiraalvesexavier.com.br\/wp-content\/uploads\/2024\/10\/ITBI-e-leilao.jpg",1600,1600,false],"thumbnail":["https:\/\/moreiraalvesexavier.com.br\/wp-content\/uploads\/2024\/10\/ITBI-e-leilao-150x150.jpg",150,150,true],"medium":["https:\/\/moreiraalvesexavier.com.br\/wp-content\/uploads\/2024\/10\/ITBI-e-leilao-300x300.jpg",300,300,true],"medium_large":["https:\/\/moreiraalvesexavier.com.br\/wp-content\/uploads\/2024\/10\/ITBI-e-leilao-768x768.jpg",768,768,true],"large":["https:\/\/moreiraalvesexavier.com.br\/wp-content\/uploads\/2024\/10\/ITBI-e-leilao-1024x1024.jpg",1024,1024,true],"1536x1536":["https:\/\/moreiraalvesexavier.com.br\/wp-content\/uploads\/2024\/10\/ITBI-e-leilao-1536x1536.jpg",1536,1536,true],"2048x2048":["https:\/\/moreiraalvesexavier.com.br\/wp-content\/uploads\/2024\/10\/ITBI-e-leilao.jpg",1600,1600,false]},"uagb_author_info":{"display_name":"Danilo Xavier","author_link":"https:\/\/moreiraalvesexavier.com.br\/?author=2"},"uagb_comment_info":0,"uagb_excerpt":"Por meio do Tema n\u00b0 1.113, o STJ j\u00e1 havia firmado entendimento de que a base de c\u00e1lculo do ITBI \u00e9 o valor do im\u00f3vel transmitido em condi\u00e7\u00f5es normais de mercado, n\u00e3o estando vinculada \u00e0 base de c\u00e1lculo do IPTU. Esse entendimento visa evitar que, em alguns casos, o imposto seja calculado sobre um valor&hellip;","_links":{"self":[{"href":"https:\/\/moreiraalvesexavier.com.br\/index.php?rest_route=\/wp\/v2\/posts\/2197"}],"collection":[{"href":"https:\/\/moreiraalvesexavier.com.br\/index.php?rest_route=\/wp\/v2\/posts"}],"about":[{"href":"https:\/\/moreiraalvesexavier.com.br\/index.php?rest_route=\/wp\/v2\/types\/post"}],"author":[{"embeddable":true,"href":"https:\/\/moreiraalvesexavier.com.br\/index.php?rest_route=\/wp\/v2\/users\/2"}],"replies":[{"embeddable":true,"href":"https:\/\/moreiraalvesexavier.com.br\/index.php?rest_route=%2Fwp%2Fv2%2Fcomments&post=2197"}],"version-history":[{"count":2,"href":"https:\/\/moreiraalvesexavier.com.br\/index.php?rest_route=\/wp\/v2\/posts\/2197\/revisions"}],"predecessor-version":[{"id":2201,"href":"https:\/\/moreiraalvesexavier.com.br\/index.php?rest_route=\/wp\/v2\/posts\/2197\/revisions\/2201"}],"wp:featuredmedia":[{"embeddable":true,"href":"https:\/\/moreiraalvesexavier.com.br\/index.php?rest_route=\/wp\/v2\/media\/2198"}],"wp:attachment":[{"href":"https:\/\/moreiraalvesexavier.com.br\/index.php?rest_route=%2Fwp%2Fv2%2Fmedia&parent=2197"}],"wp:term":[{"taxonomy":"category","embeddable":true,"href":"https:\/\/moreiraalvesexavier.com.br\/index.php?rest_route=%2Fwp%2Fv2%2Fcategories&post=2197"},{"taxonomy":"post_tag","embeddable":true,"href":"https:\/\/moreiraalvesexavier.com.br\/index.php?rest_route=%2Fwp%2Fv2%2Ftags&post=2197"}],"curies":[{"name":"wp","href":"https:\/\/api.w.org\/{rel}","templated":true}]}}