{"id":2221,"date":"2026-03-16T17:30:59","date_gmt":"2026-03-16T20:30:59","guid":{"rendered":"https:\/\/moreiraalvesexavier.com.br\/?p=2221"},"modified":"2026-03-16T17:39:53","modified_gmt":"2026-03-16T20:39:53","slug":"aposentados-que-recebem-complementacao-de-aposentadoria-e-venceram-acao-trabalhista-podem-ter-direito-a-indenizacao","status":"publish","type":"post","link":"https:\/\/moreiraalvesexavier.com.br\/?p=2221","title":{"rendered":"APOSENTADOS QUE RECEBEM COMPLEMENTA\u00c7\u00c3O DE APOSENTADORIA E VENCERAM A\u00c7\u00c3O TRABALHISTA PODEM TER DIREITO A INDENIZA\u00c7\u00c3O"},"content":{"rendered":"<p style=\"font-weight: 400;text-align: justify\">Ao fixar o\u00a0<strong>Tema 1.021<\/strong>, o STJ decidiu que, depois de concedida a aposentadoria complementar,\u00a0<strong>n\u00e3o \u00e9 poss\u00edvel recalcular o benef\u00edcio para incluir verbas salariais reconhecidas posteriormente na Justi\u00e7a<\/strong>, como horas extras, adicionais, gratifica\u00e7\u00f5es e comiss\u00f5es.<\/p>\n<p style=\"font-weight: 400;text-align: justify\">Mas o pr\u00f3prio STJ tamb\u00e9m reconheceu algo importante: se o trabalhador sofreu preju\u00edzo porque a empresa\u00a0<strong>n\u00e3o pagou corretamente as verbas salariais durante o contrato<\/strong>, esse dano\u00a0<strong>pode ser reparado por meio de nova a\u00e7\u00e3o contra o ex-empregador na Justi\u00e7a do Trabalho<\/strong>.<\/p>\n<p style=\"font-weight: 400;text-align: justify\">A Justi\u00e7a do Trabalho passou a aplicar esse entendimento e admitir\u00a0<strong>indeniza\u00e7\u00e3o por perdas e danos<\/strong>\u00a0nesses casos.<\/p>\n<p style=\"font-weight: 400;text-align: justify\">Mais recentemente, o Tribunal Superior do Trabalho refor\u00e7ou esse cen\u00e1rio ao firmar o\u00a0<strong>Tema 20<\/strong>, que trata do prazo para buscar essa indeniza\u00e7\u00e3o.<\/p>\n<p style=\"font-weight: 400;text-align: justify\">Em outras palavras:<\/p>\n<p style=\"font-weight: 400;text-align: justify\">se voc\u00ea\u00a0<strong>j\u00e1 est\u00e1 aposentado<\/strong>\u00a0e\u00a0<strong>depois ganhou uma a\u00e7\u00e3o trabalhista<\/strong>, pode existir um\u00a0<strong>preju\u00edzo no valor da sua aposentadoria complementar,<\/strong>\u00a0e esse preju\u00edzo pode ser\u00a0<strong>indenizado<\/strong>.<\/p>\n<p style=\"font-weight: 400;text-align: justify\">Essa situa\u00e7\u00e3o, mais comum entre ex-empregados de grandes empresas e estatais com fundos de pens\u00e3o (FUNCEF, POSTALIS, PREVI, PETROS) pode ocorrer quando o ex-empregado:<\/p>\n<ul style=\"text-align: justify\">\n<li style=\"font-weight: 400\">j\u00e1 est\u00e1 aposentado;<\/li>\n<li style=\"font-weight: 400\">ganhou a\u00e7\u00e3o trabalhista que reconheceu verbas salariais;<\/li>\n<li style=\"font-weight: 400\">recebe ou deveria receber complementa\u00e7\u00e3o de aposentadoria.<\/li>\n<\/ul>\n<p style=\"font-weight: 400;text-align: justify\">Cada caso precisa ser analisado individualmente. Entre em contato com nossa equipe.<\/p>\n<p style=\"font-weight: 400\">\n","protected":false},"excerpt":{"rendered":"<p>Ao fixar o\u00a0Tema 1.021, o STJ decidiu que, depois de concedida a aposentadoria complementar,\u00a0n\u00e3o \u00e9 poss\u00edvel recalcular o benef\u00edcio para incluir verbas salariais reconhecidas posteriormente na Justi\u00e7a, como horas extras, adicionais, gratifica\u00e7\u00f5es e comiss\u00f5es. Mas o pr\u00f3prio STJ tamb\u00e9m reconheceu algo importante: se o trabalhador sofreu preju\u00edzo porque a empresa\u00a0n\u00e3o pagou corretamente as verbas salariais &hellip;<\/p>\n<p class=\"read-more\"> <a class=\"\" href=\"https:\/\/moreiraalvesexavier.com.br\/?p=2221\"> <span class=\"screen-reader-text\">APOSENTADOS QUE RECEBEM COMPLEMENTA\u00c7\u00c3O DE APOSENTADORIA E VENCERAM A\u00c7\u00c3O TRABALHISTA PODEM TER DIREITO A INDENIZA\u00c7\u00c3O<\/span> Leia mais &raquo;<\/a><\/p>\n","protected":false},"author":2,"featured_media":2223,"comment_status":"closed","ping_status":"open","sticky":false,"template":"","format":"standard","meta":[],"categories":[1],"tags":[92,88,87,89,91,8,90],"uagb_featured_image_src":{"full":["https:\/\/moreiraalvesexavier.com.br\/wp-content\/uploads\/2026\/03\/Post-16.03-01.png",576,627,false],"thumbnail":["https:\/\/moreiraalvesexavier.com.br\/wp-content\/uploads\/2026\/03\/Post-16.03-01-150x150.png",150,150,true],"medium":["https:\/\/moreiraalvesexavier.com.br\/wp-content\/uploads\/2026\/03\/Post-16.03-01-276x300.png",276,300,true],"medium_large":["https:\/\/moreiraalvesexavier.com.br\/wp-content\/uploads\/2026\/03\/Post-16.03-01.png",576,627,false],"large":["https:\/\/moreiraalvesexavier.com.br\/wp-content\/uploads\/2026\/03\/Post-16.03-01.png",576,627,false],"1536x1536":["https:\/\/moreiraalvesexavier.com.br\/wp-content\/uploads\/2026\/03\/Post-16.03-01.png",576,627,false],"2048x2048":["https:\/\/moreiraalvesexavier.com.br\/wp-content\/uploads\/2026\/03\/Post-16.03-01.png",576,627,false]},"uagb_author_info":{"display_name":"Danilo Xavier","author_link":"https:\/\/moreiraalvesexavier.com.br\/?author=2"},"uagb_comment_info":0,"uagb_excerpt":"Ao fixar o\u00a0Tema 1.021, o STJ decidiu que, depois de concedida a aposentadoria complementar,\u00a0n\u00e3o \u00e9 poss\u00edvel recalcular o benef\u00edcio para incluir verbas salariais reconhecidas posteriormente na Justi\u00e7a, como horas extras, adicionais, gratifica\u00e7\u00f5es e comiss\u00f5es. Mas o pr\u00f3prio STJ tamb\u00e9m reconheceu algo importante: se o trabalhador sofreu preju\u00edzo porque a empresa\u00a0n\u00e3o pagou corretamente as verbas salariais&hellip;","_links":{"self":[{"href":"https:\/\/moreiraalvesexavier.com.br\/index.php?rest_route=\/wp\/v2\/posts\/2221"}],"collection":[{"href":"https:\/\/moreiraalvesexavier.com.br\/index.php?rest_route=\/wp\/v2\/posts"}],"about":[{"href":"https:\/\/moreiraalvesexavier.com.br\/index.php?rest_route=\/wp\/v2\/types\/post"}],"author":[{"embeddable":true,"href":"https:\/\/moreiraalvesexavier.com.br\/index.php?rest_route=\/wp\/v2\/users\/2"}],"replies":[{"embeddable":true,"href":"https:\/\/moreiraalvesexavier.com.br\/index.php?rest_route=%2Fwp%2Fv2%2Fcomments&post=2221"}],"version-history":[{"count":6,"href":"https:\/\/moreiraalvesexavier.com.br\/index.php?rest_route=\/wp\/v2\/posts\/2221\/revisions"}],"predecessor-version":[{"id":2228,"href":"https:\/\/moreiraalvesexavier.com.br\/index.php?rest_route=\/wp\/v2\/posts\/2221\/revisions\/2228"}],"wp:featuredmedia":[{"embeddable":true,"href":"https:\/\/moreiraalvesexavier.com.br\/index.php?rest_route=\/wp\/v2\/media\/2223"}],"wp:attachment":[{"href":"https:\/\/moreiraalvesexavier.com.br\/index.php?rest_route=%2Fwp%2Fv2%2Fmedia&parent=2221"}],"wp:term":[{"taxonomy":"category","embeddable":true,"href":"https:\/\/moreiraalvesexavier.com.br\/index.php?rest_route=%2Fwp%2Fv2%2Fcategories&post=2221"},{"taxonomy":"post_tag","embeddable":true,"href":"https:\/\/moreiraalvesexavier.com.br\/index.php?rest_route=%2Fwp%2Fv2%2Ftags&post=2221"}],"curies":[{"name":"wp","href":"https:\/\/api.w.org\/{rel}","templated":true}]}}